{"id":1557,"date":"2023-08-26T22:51:00","date_gmt":"2023-08-26T22:51:00","guid":{"rendered":"https:\/\/mesabuitrera.org\/?p=1557"},"modified":"2023-10-23T22:59:02","modified_gmt":"2023-10-23T22:59:02","slug":"noticiero-90-minutos-telepacifico-los-habitantes-del-corregimiento-la-buitrera-se-declararon-en-desobediencia-civil","status":"publish","type":"post","link":"https:\/\/mesabuitrera.org\/index.php\/2023\/08\/26\/noticiero-90-minutos-telepacifico-los-habitantes-del-corregimiento-la-buitrera-se-declararon-en-desobediencia-civil\/","title":{"rendered":"Noticiero 90 Minutos Telepac\u00edfico. Los habitantes del corregimiento La Buitrera se declararon en desobediencia civil."},"content":{"rendered":"\n<figure class=\"wp-block-embed is-type-video is-provider-youtube wp-block-embed-youtube wp-embed-aspect-16-9 wp-has-aspect-ratio\"><div class=\"wp-block-embed__wrapper\">\n<iframe title=\"Los habitantes del corregimiento La Buitrera se declararon en &#039;desobediencia civil&#039;\" width=\"800\" height=\"450\" src=\"https:\/\/www.youtube.com\/embed\/Q9hMmJ57UgM?feature=oembed\" frameborder=\"0\" allow=\"accelerometer; autoplay; clipboard-write; encrypted-media; gyroscope; picture-in-picture; web-share\" referrerpolicy=\"strict-origin-when-cross-origin\" allowfullscreen><\/iframe>\n<\/div><\/figure>\n\n\n\n<p>El noticiero 90 MInutos de Telepac\u00edfico public\u00f3 el 26 de agosto de 2023 la noticia de la declaratoria de desobediencia civil de los habitantes de La Buitrera. Vea aqu\u00ed el v\u00eddeo.<\/p>\n","protected":false},"excerpt":{"rendered":"<p>El noticiero 90 MInutos de Telepac\u00edfico public\u00f3 el 26 de agosto de 2023 la noticia de la declaratoria de desobediencia civil de los habitantes de La Buitrera. Vea aqu\u00ed el v\u00eddeo.<\/p>\n","protected":false},"author":1,"featured_media":1559,"comment_status":"open","ping_status":"open","sticky":false,"template":"","format":"standard","meta":{"_acf_changed":false,"om_disable_all_campaigns":false,"_monsterinsights_skip_tracking":false,"_monsterinsights_sitenote_active":false,"_monsterinsights_sitenote_note":"","_monsterinsights_sitenote_category":0,"footnotes":""},"categories":[25],"tags":[],"class_list":["post-1557","post","type-post","status-publish","format-standard","has-post-thumbnail","hentry","category-prensa-telepacifico"],"acf":[],"aioseo_notices":[],"_links":{"self":[{"href":"https:\/\/mesabuitrera.org\/index.php\/wp-json\/wp\/v2\/posts\/1557","targetHints":{"allow":["GET"]}}],"collection":[{"href":"https:\/\/mesabuitrera.org\/index.php\/wp-json\/wp\/v2\/posts"}],"about":[{"href":"https:\/\/mesabuitrera.org\/index.php\/wp-json\/wp\/v2\/types\/post"}],"author":[{"embeddable":true,"href":"https:\/\/mesabuitrera.org\/index.php\/wp-json\/wp\/v2\/users\/1"}],"replies":[{"embeddable":true,"href":"https:\/\/mesabuitrera.org\/index.php\/wp-json\/wp\/v2\/comments?post=1557"}],"version-history":[{"count":1,"href":"https:\/\/mesabuitrera.org\/index.php\/wp-json\/wp\/v2\/posts\/1557\/revisions"}],"predecessor-version":[{"id":1558,"href":"https:\/\/mesabuitrera.org\/index.php\/wp-json\/wp\/v2\/posts\/1557\/revisions\/1558"}],"wp:featuredmedia":[{"embeddable":true,"href":"https:\/\/mesabuitrera.org\/index.php\/wp-json\/wp\/v2\/media\/1559"}],"wp:attachment":[{"href":"https:\/\/mesabuitrera.org\/index.php\/wp-json\/wp\/v2\/media?parent=1557"}],"wp:term":[{"taxonomy":"category","embeddable":true,"href":"https:\/\/mesabuitrera.org\/index.php\/wp-json\/wp\/v2\/categories?post=1557"},{"taxonomy":"post_tag","embeddable":true,"href":"https:\/\/mesabuitrera.org\/index.php\/wp-json\/wp\/v2\/tags?post=1557"}],"curies":[{"name":"wp","href":"https:\/\/api.w.org\/{rel}","templated":true}]}}