{"id":1649,"date":"2023-08-23T17:07:00","date_gmt":"2023-08-23T17:07:00","guid":{"rendered":"https:\/\/mesabuitrera.org\/?p=1649"},"modified":"2023-10-25T17:10:32","modified_gmt":"2023-10-25T17:10:32","slug":"noticias-caracol-tv-habitantes-de-la-buitrera-valle-del-cauca-se-declaran-en-desobediencia-civil","status":"publish","type":"post","link":"https:\/\/mesabuitrera.org\/index.php\/2023\/08\/23\/noticias-caracol-tv-habitantes-de-la-buitrera-valle-del-cauca-se-declaran-en-desobediencia-civil\/","title":{"rendered":"Noticias Caracol TV. Habitantes de la Buitrera, Valle del Cauca, se declaran en desobediencia civil."},"content":{"rendered":"\n<figure class=\"wp-block-embed is-type-rich is-provider-twitter wp-block-embed-twitter\"><div class=\"wp-block-embed__wrapper\">\n<blockquote class=\"twitter-tweet\" data-width=\"550\" data-dnt=\"true\"><p lang=\"es\" dir=\"ltr\">Habitantes de la Buitrera, Valle del Cauca, se declaran en desobediencia civil porque, dicen, no est\u00e1n de acuerdo con cuatro pol\u00edticas implementadas por la Alcald\u00eda de Cali. <br><br>M\u00e1s en <a href=\"https:\/\/t.co\/yqNEZK7ZOB\">https:\/\/t.co\/yqNEZK7ZOB<\/a> <a href=\"https:\/\/t.co\/0HwDkLDiEI\">pic.twitter.com\/0HwDkLDiEI<\/a><\/p>&mdash; Noticias Caracol (@NoticiasCaracol) <a href=\"https:\/\/twitter.com\/NoticiasCaracol\/status\/1693971941244449094?ref_src=twsrc%5Etfw\">August 22, 2023<\/a><\/blockquote><script async src=\"https:\/\/platform.twitter.com\/widgets.js\" charset=\"utf-8\"><\/script>\n<\/div><\/figure>\n\n\n\n<p>Noticias Caracol.com dio cubrimiento a la noticia anunciando que los habitantes de La BUitrera se declaran en desobediencia civil Vea el v\u00eddeo con todos los detalles .<\/p>\n","protected":false},"excerpt":{"rendered":"<p>Noticias Caracol.com dio cubrimiento a la noticia anunciando que los habitantes de La BUitrera se declaran en desobediencia civil Vea el v\u00eddeo con todos los detalles .<\/p>\n","protected":false},"author":1,"featured_media":1650,"comment_status":"open","ping_status":"open","sticky":false,"template":"","format":"standard","meta":{"_acf_changed":false,"om_disable_all_campaigns":false,"_monsterinsights_skip_tracking":false,"_monsterinsights_sitenote_active":false,"_monsterinsights_sitenote_note":"","_monsterinsights_sitenote_category":0,"footnotes":""},"categories":[26],"tags":[],"class_list":["post-1649","post","type-post","status-publish","format-standard","has-post-thumbnail","hentry","category-prensa-caracol-tv"],"acf":[],"aioseo_notices":[],"_links":{"self":[{"href":"https:\/\/mesabuitrera.org\/index.php\/wp-json\/wp\/v2\/posts\/1649","targetHints":{"allow":["GET"]}}],"collection":[{"href":"https:\/\/mesabuitrera.org\/index.php\/wp-json\/wp\/v2\/posts"}],"about":[{"href":"https:\/\/mesabuitrera.org\/index.php\/wp-json\/wp\/v2\/types\/post"}],"author":[{"embeddable":true,"href":"https:\/\/mesabuitrera.org\/index.php\/wp-json\/wp\/v2\/users\/1"}],"replies":[{"embeddable":true,"href":"https:\/\/mesabuitrera.org\/index.php\/wp-json\/wp\/v2\/comments?post=1649"}],"version-history":[{"count":1,"href":"https:\/\/mesabuitrera.org\/index.php\/wp-json\/wp\/v2\/posts\/1649\/revisions"}],"predecessor-version":[{"id":1651,"href":"https:\/\/mesabuitrera.org\/index.php\/wp-json\/wp\/v2\/posts\/1649\/revisions\/1651"}],"wp:featuredmedia":[{"embeddable":true,"href":"https:\/\/mesabuitrera.org\/index.php\/wp-json\/wp\/v2\/media\/1650"}],"wp:attachment":[{"href":"https:\/\/mesabuitrera.org\/index.php\/wp-json\/wp\/v2\/media?parent=1649"}],"wp:term":[{"taxonomy":"category","embeddable":true,"href":"https:\/\/mesabuitrera.org\/index.php\/wp-json\/wp\/v2\/categories?post=1649"},{"taxonomy":"post_tag","embeddable":true,"href":"https:\/\/mesabuitrera.org\/index.php\/wp-json\/wp\/v2\/tags?post=1649"}],"curies":[{"name":"wp","href":"https:\/\/api.w.org\/{rel}","templated":true}]}}