{"id":262,"date":"2023-10-13T23:16:58","date_gmt":"2023-10-13T23:16:58","guid":{"rendered":"https:\/\/mesabuitrera.org\/?p=262"},"modified":"2023-10-16T23:19:13","modified_gmt":"2023-10-16T23:19:13","slug":"la-buitrera-primer-laboratorio-de-gobernanza-local-para-colombia","status":"publish","type":"post","link":"https:\/\/mesabuitrera.org\/index.php\/2023\/10\/13\/la-buitrera-primer-laboratorio-de-gobernanza-local-para-colombia\/","title":{"rendered":"La Buitrera: \u00bfPrimer &#8220;laboratorio&#8221; de gobernanza local para Colombia?"},"content":{"rendered":"\n<p>Hoy viernes 13 de octubre, en una reunion previa a la Asamblea de manana s\u00e1bado (9 am) en la Parroquia, el Ministerio del Interior confirm\u00f3 su compromiso de apoyo al proceso de gobernanza local de La Buitrera, como proyecto piloto para Colombia.<\/p>\n\n\n\n<p>Manana entre las 9 y 12 am, la Mesa de Gobernanza de La Buitrera llam\u00f3 a la comunidad de La Buitrera a reunirse con representantes de la Alcald\u00eda, de la CVC y del Ministerio del Interior.<\/p>\n\n\n\n<p>La MESA presentar\u00e1 los problemas del territorio y propuestas de soluciones, y abrir\u00e1 el debate sobre las falencias y limitaciones institucionales del corregimiento que lo est\u00e1n llevando a un caos social y ambiental.<\/p>\n\n\n\n<p>Muchas de las soluciones son institucionales (necesidad de descentralizacion) y requerir\u00e1n del apoyo del Ministerio del Interior para volverse realidad, raz\u00f3n por la cual su presencia manana en nuestro&nbsp;territorio.<\/p>\n","protected":false},"excerpt":{"rendered":"<p>Hoy viernes 13 de octubre, en una reunion previa a la Asamblea de manana s\u00e1bado (9 am) en la Parroquia, el Ministerio del Interior confirm\u00f3 su compromiso de apoyo al proceso de gobernanza local de La Buitrera, como proyecto piloto para Colombia. Manana entre las 9 y 12 am, la Mesa de Gobernanza de La [&hellip;]<\/p>\n","protected":false},"author":1,"featured_media":263,"comment_status":"open","ping_status":"open","sticky":false,"template":"","format":"standard","meta":{"_acf_changed":false,"om_disable_all_campaigns":false,"_monsterinsights_skip_tracking":false,"_monsterinsights_sitenote_active":false,"_monsterinsights_sitenote_note":"","_monsterinsights_sitenote_category":0,"footnotes":""},"categories":[11],"tags":[],"class_list":["post-262","post","type-post","status-publish","format-standard","has-post-thumbnail","hentry","category-laboratorio"],"acf":[],"aioseo_notices":[],"_links":{"self":[{"href":"https:\/\/mesabuitrera.org\/index.php\/wp-json\/wp\/v2\/posts\/262","targetHints":{"allow":["GET"]}}],"collection":[{"href":"https:\/\/mesabuitrera.org\/index.php\/wp-json\/wp\/v2\/posts"}],"about":[{"href":"https:\/\/mesabuitrera.org\/index.php\/wp-json\/wp\/v2\/types\/post"}],"author":[{"embeddable":true,"href":"https:\/\/mesabuitrera.org\/index.php\/wp-json\/wp\/v2\/users\/1"}],"replies":[{"embeddable":true,"href":"https:\/\/mesabuitrera.org\/index.php\/wp-json\/wp\/v2\/comments?post=262"}],"version-history":[{"count":1,"href":"https:\/\/mesabuitrera.org\/index.php\/wp-json\/wp\/v2\/posts\/262\/revisions"}],"predecessor-version":[{"id":264,"href":"https:\/\/mesabuitrera.org\/index.php\/wp-json\/wp\/v2\/posts\/262\/revisions\/264"}],"wp:featuredmedia":[{"embeddable":true,"href":"https:\/\/mesabuitrera.org\/index.php\/wp-json\/wp\/v2\/media\/263"}],"wp:attachment":[{"href":"https:\/\/mesabuitrera.org\/index.php\/wp-json\/wp\/v2\/media?parent=262"}],"wp:term":[{"taxonomy":"category","embeddable":true,"href":"https:\/\/mesabuitrera.org\/index.php\/wp-json\/wp\/v2\/categories?post=262"},{"taxonomy":"post_tag","embeddable":true,"href":"https:\/\/mesabuitrera.org\/index.php\/wp-json\/wp\/v2\/tags?post=262"}],"curies":[{"name":"wp","href":"https:\/\/api.w.org\/{rel}","templated":true}]}}