{"id":333,"date":"2023-10-17T00:57:43","date_gmt":"2023-10-17T00:57:43","guid":{"rendered":"https:\/\/mesabuitrera.org\/?p=333"},"modified":"2023-10-17T00:57:45","modified_gmt":"2023-10-17T00:57:45","slug":"el-tiempo-corregimiento-caleno-abre-mesa-con-gobierno-y-cvc-por-lios-de-territorio","status":"publish","type":"post","link":"https:\/\/mesabuitrera.org\/index.php\/2023\/10\/17\/el-tiempo-corregimiento-caleno-abre-mesa-con-gobierno-y-cvc-por-lios-de-territorio\/","title":{"rendered":"El Tiempo: Corregimiento cale\u00f1o abre mesa con gobierno y CVC por l\u00edos de territorio."},"content":{"rendered":"\n<p>Los comuneros pondr\u00e1n sobre la mesa diferencias por el proyecto Cali Distrito; estratificaci\u00f3n; catastro; y pedir\u00e1n obras como ampliaci\u00f3n del alcantarillado. Sonia Bernal, subdirectora de Gobierno y Gesti\u00f3n territorial, estar\u00e1 en la convocatoria hecha por la mesa de gobernanza del corregimiento de La Buitrera.<\/p>\n\n\n\n<p>Los temas a tratar son: los l\u00edmites geogr\u00e1ficos del corregimiento; ordenamiento territorial; la urbanizaci\u00f3n descontrolada en \u00e1reas de protecci\u00f3n ambiental; incendios premeditados e invasi\u00f3n de predios;\u00a0<strong>la escasez resultante de agua<\/strong>; estratificaci\u00f3n; aval\u00fao catastral; alcantarillados y Ptar, proyecto Cali Distrito.<\/p>\n\n\n\n<p><a href=\"https:\/\/www.eltiempo.com\/colombia\/cali\/gobierno-y-representantes-de-la-buitrera-adelantaran-mesa-de-dialogo-816087\" title=\"\">Vea el art\u00edculo completo desde El Tiempo.com: clic aqu\u00ed<\/a><\/p>\n","protected":false},"excerpt":{"rendered":"<p>Los comuneros pondr\u00e1n sobre la mesa diferencias por el proyecto Cali Distrito; estratificaci\u00f3n; catastro; y pedir\u00e1n obras como ampliaci\u00f3n del alcantarillado. Sonia Bernal, subdirectora de Gobierno y Gesti\u00f3n territorial, estar\u00e1 en la convocatoria hecha por la mesa de gobernanza del corregimiento de La Buitrera. Los temas a tratar son: los l\u00edmites geogr\u00e1ficos del corregimiento; ordenamiento [&hellip;]<\/p>\n","protected":false},"author":1,"featured_media":334,"comment_status":"open","ping_status":"open","sticky":false,"template":"","format":"standard","meta":{"_acf_changed":false,"om_disable_all_campaigns":false,"_monsterinsights_skip_tracking":false,"_monsterinsights_sitenote_active":false,"_monsterinsights_sitenote_note":"","_monsterinsights_sitenote_category":0,"footnotes":""},"categories":[12],"tags":[],"class_list":["post-333","post","type-post","status-publish","format-standard","has-post-thumbnail","hentry","category-prensa-el-tiempo"],"acf":[],"aioseo_notices":[],"_links":{"self":[{"href":"https:\/\/mesabuitrera.org\/index.php\/wp-json\/wp\/v2\/posts\/333","targetHints":{"allow":["GET"]}}],"collection":[{"href":"https:\/\/mesabuitrera.org\/index.php\/wp-json\/wp\/v2\/posts"}],"about":[{"href":"https:\/\/mesabuitrera.org\/index.php\/wp-json\/wp\/v2\/types\/post"}],"author":[{"embeddable":true,"href":"https:\/\/mesabuitrera.org\/index.php\/wp-json\/wp\/v2\/users\/1"}],"replies":[{"embeddable":true,"href":"https:\/\/mesabuitrera.org\/index.php\/wp-json\/wp\/v2\/comments?post=333"}],"version-history":[{"count":1,"href":"https:\/\/mesabuitrera.org\/index.php\/wp-json\/wp\/v2\/posts\/333\/revisions"}],"predecessor-version":[{"id":335,"href":"https:\/\/mesabuitrera.org\/index.php\/wp-json\/wp\/v2\/posts\/333\/revisions\/335"}],"wp:featuredmedia":[{"embeddable":true,"href":"https:\/\/mesabuitrera.org\/index.php\/wp-json\/wp\/v2\/media\/334"}],"wp:attachment":[{"href":"https:\/\/mesabuitrera.org\/index.php\/wp-json\/wp\/v2\/media?parent=333"}],"wp:term":[{"taxonomy":"category","embeddable":true,"href":"https:\/\/mesabuitrera.org\/index.php\/wp-json\/wp\/v2\/categories?post=333"},{"taxonomy":"post_tag","embeddable":true,"href":"https:\/\/mesabuitrera.org\/index.php\/wp-json\/wp\/v2\/tags?post=333"}],"curies":[{"name":"wp","href":"https:\/\/api.w.org\/{rel}","templated":true}]}}