{"id":343,"date":"2023-10-17T01:08:31","date_gmt":"2023-10-17T01:08:31","guid":{"rendered":"https:\/\/mesabuitrera.org\/?p=343"},"modified":"2023-10-17T01:10:04","modified_gmt":"2023-10-17T01:10:04","slug":"diario-el-pais-de-cali-corregimiento-de-cali-advirtio-que-impulsara-su-independencia-si-avanza-proyecto-de-estratificacion","status":"publish","type":"post","link":"https:\/\/mesabuitrera.org\/index.php\/2023\/10\/17\/diario-el-pais-de-cali-corregimiento-de-cali-advirtio-que-impulsara-su-independencia-si-avanza-proyecto-de-estratificacion\/","title":{"rendered":"Diario El Pa\u00eds de Cali: &#8220;Corregimiento de Cali advirti\u00f3 que impulsar\u00e1 su independencia si avanza proyecto de estratificaci\u00f3n&#8221;."},"content":{"rendered":"\n<p><a href=\"https:\/\/www.elpais.com.co\/cali\/corregimiento-de-cali-advirtio-que-impulsara-su-independencia-si-avanza-proyecto-de-estratificacion-2255.html\">https:\/\/www.elpais.com.co\/cali\/corregimiento-de-cali-advirtio-que-impulsara-su-independencia-si-avanza-proyecto-de-estratificacion-2255.html<\/a><\/p>\n\n\n\n<p>El peri\u00f3dico El Pa\u00eds public\u00f3 esta noticia el 22 de agosto de 2023 destacando: &#8220;Luego de que se aprobara en primer debate, el pasado 10 de agosto, el proyecto de Cali Distrito, laMesa de Gobernanza local de la Buitrera inform\u00f3 que<strong>\u00a0en que caso de que la iniciativa sea aprobada, buscar\u00e1n independizarse de la capital del Valle del Cauca<\/strong>, en medio de los debates por las elecciones de octubre.&#8221; Ver la publicaci\u00f3n haciedndo clic en el enlace.<\/p>\n","protected":false},"excerpt":{"rendered":"<p>https:\/\/www.elpais.com.co\/cali\/corregimiento-de-cali-advirtio-que-impulsara-su-independencia-si-avanza-proyecto-de-estratificacion-2255.html El peri\u00f3dico El Pa\u00eds public\u00f3 esta noticia el 22 de agosto de 2023 destacando: &#8220;Luego de que se aprobara en primer debate, el pasado 10 de agosto, el proyecto de Cali Distrito, laMesa de Gobernanza local de la Buitrera inform\u00f3 que\u00a0en que caso de que la iniciativa sea aprobada, buscar\u00e1n independizarse de la capital [&hellip;]<\/p>\n","protected":false},"author":1,"featured_media":345,"comment_status":"open","ping_status":"open","sticky":false,"template":"","format":"standard","meta":{"_acf_changed":false,"om_disable_all_campaigns":false,"_monsterinsights_skip_tracking":false,"_monsterinsights_sitenote_active":false,"_monsterinsights_sitenote_note":"","_monsterinsights_sitenote_category":0,"footnotes":""},"categories":[13],"tags":[],"class_list":["post-343","post","type-post","status-publish","format-standard","has-post-thumbnail","hentry","category-prensa-el-pais"],"acf":[],"aioseo_notices":[],"_links":{"self":[{"href":"https:\/\/mesabuitrera.org\/index.php\/wp-json\/wp\/v2\/posts\/343","targetHints":{"allow":["GET"]}}],"collection":[{"href":"https:\/\/mesabuitrera.org\/index.php\/wp-json\/wp\/v2\/posts"}],"about":[{"href":"https:\/\/mesabuitrera.org\/index.php\/wp-json\/wp\/v2\/types\/post"}],"author":[{"embeddable":true,"href":"https:\/\/mesabuitrera.org\/index.php\/wp-json\/wp\/v2\/users\/1"}],"replies":[{"embeddable":true,"href":"https:\/\/mesabuitrera.org\/index.php\/wp-json\/wp\/v2\/comments?post=343"}],"version-history":[{"count":1,"href":"https:\/\/mesabuitrera.org\/index.php\/wp-json\/wp\/v2\/posts\/343\/revisions"}],"predecessor-version":[{"id":344,"href":"https:\/\/mesabuitrera.org\/index.php\/wp-json\/wp\/v2\/posts\/343\/revisions\/344"}],"wp:featuredmedia":[{"embeddable":true,"href":"https:\/\/mesabuitrera.org\/index.php\/wp-json\/wp\/v2\/media\/345"}],"wp:attachment":[{"href":"https:\/\/mesabuitrera.org\/index.php\/wp-json\/wp\/v2\/media?parent=343"}],"wp:term":[{"taxonomy":"category","embeddable":true,"href":"https:\/\/mesabuitrera.org\/index.php\/wp-json\/wp\/v2\/categories?post=343"},{"taxonomy":"post_tag","embeddable":true,"href":"https:\/\/mesabuitrera.org\/index.php\/wp-json\/wp\/v2\/tags?post=343"}],"curies":[{"name":"wp","href":"https:\/\/api.w.org\/{rel}","templated":true}]}}