{"id":4426,"date":"2024-10-07T18:43:00","date_gmt":"2024-10-07T18:43:00","guid":{"rendered":"https:\/\/mesabuitrera.org\/?p=4426"},"modified":"2024-11-02T19:52:14","modified_gmt":"2024-11-02T19:52:14","slug":"lanzamiento-de-la-ruta-canto-de-agua-fase-iv-voces-de-los-rios-de-cali-2024","status":"publish","type":"post","link":"https:\/\/mesabuitrera.org\/index.php\/2024\/10\/07\/lanzamiento-de-la-ruta-canto-de-agua-fase-iv-voces-de-los-rios-de-cali-2024\/","title":{"rendered":"Lanzamiento de &#8220;La Ruta Canto de Agua Fase IV Voces de los r\u00edos de Cali 2024&#8221;"},"content":{"rendered":"\n<figure class=\"wp-block-video\"><video height=\"382\" style=\"aspect-ratio: 848 \/ 382;\" width=\"848\" controls src=\"https:\/\/mesabuitrera.org\/wp-content\/uploads\/2024\/11\/241007-la-ruta-canto-de-agua-fase-IV.mp4\"><\/video><\/figure>\n\n\n\n<p>Nota de prensa del noticiero 90 minutos <a href=\"https:\/\/www.youtube.com\/watch?v=0j54nEkH9m0\" title=\"\">-YouTube-<\/a> de tele pac\u00edfico que nos acompa\u00f1\u00f3 al evento de Lanzamiento del la ruta Canto de Agua Fase IV Voces de los r\u00edos de Cali 2024. Acci\u00f3n art\u00edstica y cultural en homenaje a los r\u00edos, que se celebr\u00f3 en el centro cultural\u00a0La\u00a0Guatina.<\/p>\n","protected":false},"excerpt":{"rendered":"<p>Nota de prensa del noticiero 90 minutos -YouTube- de tele pac\u00edfico que nos acompa\u00f1\u00f3 al evento de Lanzamiento del la ruta Canto de Agua Fase IV Voces de los r\u00edos de Cali 2024. Acci\u00f3n art\u00edstica y cultural en homenaje a los r\u00edos, que se celebr\u00f3 en el centro cultural\u00a0La\u00a0Guatina.<\/p>\n","protected":false},"author":1,"featured_media":4430,"comment_status":"open","ping_status":"open","sticky":false,"template":"","format":"standard","meta":{"_acf_changed":false,"om_disable_all_campaigns":false,"_monsterinsights_skip_tracking":false,"_monsterinsights_sitenote_active":false,"_monsterinsights_sitenote_note":"","_monsterinsights_sitenote_category":0,"footnotes":""},"categories":[25],"tags":[],"class_list":["post-4426","post","type-post","status-publish","format-standard","has-post-thumbnail","hentry","category-prensa-telepacifico"],"acf":[],"aioseo_notices":[],"_links":{"self":[{"href":"https:\/\/mesabuitrera.org\/index.php\/wp-json\/wp\/v2\/posts\/4426","targetHints":{"allow":["GET"]}}],"collection":[{"href":"https:\/\/mesabuitrera.org\/index.php\/wp-json\/wp\/v2\/posts"}],"about":[{"href":"https:\/\/mesabuitrera.org\/index.php\/wp-json\/wp\/v2\/types\/post"}],"author":[{"embeddable":true,"href":"https:\/\/mesabuitrera.org\/index.php\/wp-json\/wp\/v2\/users\/1"}],"replies":[{"embeddable":true,"href":"https:\/\/mesabuitrera.org\/index.php\/wp-json\/wp\/v2\/comments?post=4426"}],"version-history":[{"count":2,"href":"https:\/\/mesabuitrera.org\/index.php\/wp-json\/wp\/v2\/posts\/4426\/revisions"}],"predecessor-version":[{"id":4431,"href":"https:\/\/mesabuitrera.org\/index.php\/wp-json\/wp\/v2\/posts\/4426\/revisions\/4431"}],"wp:featuredmedia":[{"embeddable":true,"href":"https:\/\/mesabuitrera.org\/index.php\/wp-json\/wp\/v2\/media\/4430"}],"wp:attachment":[{"href":"https:\/\/mesabuitrera.org\/index.php\/wp-json\/wp\/v2\/media?parent=4426"}],"wp:term":[{"taxonomy":"category","embeddable":true,"href":"https:\/\/mesabuitrera.org\/index.php\/wp-json\/wp\/v2\/categories?post=4426"},{"taxonomy":"post_tag","embeddable":true,"href":"https:\/\/mesabuitrera.org\/index.php\/wp-json\/wp\/v2\/tags?post=4426"}],"curies":[{"name":"wp","href":"https:\/\/api.w.org\/{rel}","templated":true}]}}