{"id":5160,"date":"2026-01-29T20:12:41","date_gmt":"2026-01-29T20:12:41","guid":{"rendered":"https:\/\/mesabuitrera.org\/?p=5160"},"modified":"2026-02-03T19:17:58","modified_gmt":"2026-02-03T19:17:58","slug":"260129-comunicado-del-comite-ambiental-de-la-buitrera-en-respuesta-a-las-alegaciones-de-la-edil-ingrid-gallegos-de-la-jal-del-21-de-enero","status":"publish","type":"post","link":"https:\/\/mesabuitrera.org\/index.php\/2026\/01\/29\/260129-comunicado-del-comite-ambiental-de-la-buitrera-en-respuesta-a-las-alegaciones-de-la-edil-ingrid-gallegos-de-la-jal-del-21-de-enero\/","title":{"rendered":"260129 &#8211; COMUNICADO DEL COMIT\u00c9 AMBIENTAL DE LA BUITRERA en respuesta a las alegaciones de la edil Ingrid Gallegos de la JAL del 21 de enero"},"content":{"rendered":"\n<p>Enero 29 de 2026 &nbsp;&nbsp;&nbsp;&nbsp;&nbsp;&nbsp;&nbsp;&nbsp;&nbsp;&nbsp;&nbsp; &nbsp;&nbsp;&nbsp;&nbsp;&nbsp;&nbsp;&nbsp;&nbsp;&nbsp;&nbsp;&nbsp;&nbsp;&nbsp;&nbsp;&nbsp; &nbsp;<\/p>\n\n\n\n<p><strong><u>INTRODUCCION A:<\/u><\/strong><\/p>\n\n\n\n<p><strong>COMUNICADO DEL COMIT\u00c9 AMBIENTAL DE LA BUITRERA<\/strong><\/p>\n\n\n\n<p><strong>En respuesta a las alegaciones de la edil Ingrid Gallegos de la JAL del 21 de enero<\/strong><\/p>\n\n\n\n<p><em><u>NOTA:<\/u> EL COMUNICADO completo se puede bajar con el c\u00f3digo QR a final del texto<\/em><\/p>\n\n\n\n<p><strong>TEMA : PROYECTO DE OBSERVATORIO AMBIENTAL DE LA BUITRERA<\/strong><\/p>\n\n\n\n<p><strong><u>ANTECEDENTES<\/u>:<\/strong> En fecha del 17 de noviembre, el COMIT\u00c9 AMBIENTAL de La Buitrera emiti\u00f3 un COMUNICADO informando a la ciudadan\u00eda de un desv\u00edo de fondos del presupuesto participativo (319 millones de pesos) por parte de la Administraci\u00f3n municipal, a traves del DAGMA, con la bendici\u00f3n de la JAL. Ver abajo el comunicado completo mediante su c\u00f3digo QR. En fecha de enero 20 de este a\u00f1o hemos recibido una \u201crespuesta\u201d de la edil Ingrid Gallegos, una de las nueve ediles de la JAL de La Buitrera.<\/p>\n\n\n\n<p>Adjuntamos un COMUNICADO del COMIT\u00c9 AMBIENTAL en respuesta a las manipulaci\u00f3n informativa y difamaciones lanzadas por la Sra Edil Gallegos. &nbsp;<\/p>\n\n\n\n<p><strong><u>RESUMEN:<\/u><\/strong><\/p>\n\n\n\n<p>El COMIT\u00c9 AMBIENTAL de La Buitrera afirma que se desvirtu\u00f3 el prop\u00f3sito inicial de la inversi\u00f3n en un OBSERVATORIO AMBIENTAL COMUNITARIO con el \u201cpresupuesto participativo\u201d (mecanismo que permite a los habitantes de Cali priorizar las inversiones en su territorio y abarca el 1% del presupuesto del municipio). El prop\u00f3sito inicial era la terminaci\u00f3n del dise\u00f1o, la validaci\u00f3n comunitaria, y la ejecuci\u00f3n y monitoreo de dicho OBSERVATORIO para mejorar el control del territorio y la protecci\u00f3n de su medio ambiente (cobertura forestal, regulaci\u00f3n y calidad de aguas, biodiversidad, invasiones, ruido, etc.). <strong>\u00bfCon que derecho viene el DAGMA a cambiar la naturaleza de un proyecto comunitario?&nbsp; Este dinero se perdi\u00f3 para La Buitrera y debe ser devuelto a La Buitrera para el prop\u00f3sito inicial.<\/strong>&nbsp; Un tribunal deber\u00e1 determinar si el desv\u00edo del prop\u00f3sito es acto del DAGMA, de la JAL o del \u201cCali rural\u201d a cargo del manejo de las actas.<\/p>\n\n\n\n<p>Algunos hechos:<\/p>\n\n\n\n<ul class=\"wp-block-list\">\n<li>El DAGMA gast\u00f3 319 millones de nuestro presupuesto participativo para contratar 27 d\u00edas h\u00e1biles de asesor\u00eda t\u00e9cnica por parte de una universidad p\u00fablica<\/li>\n\n\n\n<li>No lo gast\u00f3 para finalizaci\u00f3n del dise\u00f1o + validaci\u00f3n comunitaria + implementaci\u00f3n + monitoreo, tal como previsto, sino solo para una fase de dise\u00f1o &nbsp;<\/li>\n<\/ul>\n\n\n\n<ul class=\"wp-block-list\">\n<li>Gast\u00f3 el dinero a pesar de que la fase de implementaci\u00f3n no recibi\u00f3 viabilidad por parte de PLANEACION MUNICIPAL por un error procedimental del mismo DAGMA<\/li>\n<\/ul>\n\n\n\n<p><strong>As\u00ed que el COMIT\u00c9 AMBIENTAL solicita al DAGMA devolver el dinero a La Buitrera para el proyecto inicialmente aprobado.<\/strong><\/p>\n\n\n\n<p>El COMIT\u00c9 AMBIENTAL resalta que como asociaci\u00f3n de vecinos no tiene ning\u00fan inter\u00e9s ni tiene la capacidad administrativa para ser operador de este convenio o contrato, pero ha exigido desde el inicio y sigue exigiendo que este proyecto sea operado por un ente local y por profesionales del territorio.<\/p>\n\n\n\n<p>El DAGMA no tiene jurisdicci\u00f3n en el territorio y no sabe de su situaci\u00f3n ambiental y de sus necesidades. A pesar de esto, se atreve a opinar sobre el trabajo de un equipo local de vecinos y profesionales de muy alto nivel que s\u00ed conoce el terreno y ha iniciado el dise\u00f1o y la implementaci\u00f3n de un observatorio adecuado al territorio y a sus necesidades. Vaya prepotencia. &nbsp;<\/p>\n\n\n\n<p>Esperar\u00edamos que los ediles de La Buitrera defiendan los intereses del territorio en vez de acatar ordenes de sus jefes pol\u00edticos en el Concejo. Da adem\u00e1s verg\u00fcenza ajena que la edil Ingrid Gallegos se refiera en t\u00e9rminos denigrantes y difamatorios a su colega Maria Fernanda Franco quien tuvo la valent\u00eda de denunciar lo ocurrido ante el se\u00f1or Alcalde Eder en el marco de una sesi\u00f3n del CMDR (Concejo Municipal de Desarrollo Rural). &nbsp;<\/p>\n\n\n\n<p>\u00bfHasta d\u00f3nde ir\u00e1 la manipulaci\u00f3n de los presupuestos (y de los hechos) por parte de la Administraci\u00f3n municipal y su respaldo por parte de algunos ediles de la JAL?<\/p>\n\n\n\n<p><strong>&nbsp;&nbsp;&nbsp;&nbsp;&nbsp;&nbsp;&nbsp;&nbsp;&nbsp;&nbsp;&nbsp; &nbsp;&nbsp;&nbsp;&nbsp;&nbsp;&nbsp;&nbsp;&nbsp;&nbsp;&nbsp;&nbsp; &nbsp;&nbsp;&nbsp;&nbsp;&nbsp;&nbsp;&nbsp;&nbsp;&nbsp;&nbsp;&nbsp;&nbsp;&nbsp;&nbsp;&nbsp; CODIGO QR DEL COMUNICADO COMPLETO:<\/strong><\/p>\n\n\n\n<figure class=\"wp-block-image size-thumbnail\"><img decoding=\"async\" width=\"150\" height=\"150\" src=\"https:\/\/mesabuitrera.org\/wp-content\/uploads\/2026\/01\/P26-016-Observatorio-Intro-al-Comunicado-QR-150x150.jpeg\" alt=\"\" class=\"wp-image-5167\" srcset=\"https:\/\/mesabuitrera.org\/wp-content\/uploads\/2026\/01\/P26-016-Observatorio-Intro-al-Comunicado-QR-150x150.jpeg 150w, https:\/\/mesabuitrera.org\/wp-content\/uploads\/2026\/01\/P26-016-Observatorio-Intro-al-Comunicado-QR-300x300.jpeg 300w, https:\/\/mesabuitrera.org\/wp-content\/uploads\/2026\/01\/P26-016-Observatorio-Intro-al-Comunicado-QR.jpeg 400w\" sizes=\"(max-width: 150px) 100vw, 150px\" \/><\/figure>\n\n\n<iframe class=\"embed-pdf-viewer\" src=\"http:\/\/mesabuitrera.org\/wp-content\/uploads\/2026\/01\/P26-016-Observatorio-Intro-al-Comunicado-Enero-29.pdf\" height=\"600\" width=\"600\" title=\"P26-016 (Observatorio - Intro al Comunicado) Enero 29\"><\/iframe>","protected":false},"excerpt":{"rendered":"<p>Enero 29 de 2026 &nbsp;&nbsp;&nbsp;&nbsp;&nbsp;&nbsp;&nbsp;&nbsp;&nbsp;&nbsp;&nbsp; &nbsp;&nbsp;&nbsp;&nbsp;&nbsp;&nbsp;&nbsp;&nbsp;&nbsp;&nbsp;&nbsp;&nbsp;&nbsp;&nbsp;&nbsp; &nbsp; INTRODUCCION A: COMUNICADO DEL COMIT\u00c9 AMBIENTAL DE LA BUITRERA En respuesta a las alegaciones de la edil Ingrid Gallegos de la JAL del 21 de enero NOTA: EL COMUNICADO completo se puede bajar con el c\u00f3digo QR a final del texto TEMA : PROYECTO DE OBSERVATORIO AMBIENTAL DE [&hellip;]<\/p>\n","protected":false},"author":1,"featured_media":0,"comment_status":"open","ping_status":"open","sticky":false,"template":"","format":"standard","meta":{"_acf_changed":false,"om_disable_all_campaigns":false,"_monsterinsights_skip_tracking":false,"_monsterinsights_sitenote_active":false,"_monsterinsights_sitenote_note":"","_monsterinsights_sitenote_category":0,"footnotes":""},"categories":[77],"tags":[],"class_list":["post-5160","post","type-post","status-publish","format-standard","hentry","category-cdep-2026"],"acf":[],"aioseo_notices":[],"_links":{"self":[{"href":"https:\/\/mesabuitrera.org\/index.php\/wp-json\/wp\/v2\/posts\/5160","targetHints":{"allow":["GET"]}}],"collection":[{"href":"https:\/\/mesabuitrera.org\/index.php\/wp-json\/wp\/v2\/posts"}],"about":[{"href":"https:\/\/mesabuitrera.org\/index.php\/wp-json\/wp\/v2\/types\/post"}],"author":[{"embeddable":true,"href":"https:\/\/mesabuitrera.org\/index.php\/wp-json\/wp\/v2\/users\/1"}],"replies":[{"embeddable":true,"href":"https:\/\/mesabuitrera.org\/index.php\/wp-json\/wp\/v2\/comments?post=5160"}],"version-history":[{"count":2,"href":"https:\/\/mesabuitrera.org\/index.php\/wp-json\/wp\/v2\/posts\/5160\/revisions"}],"predecessor-version":[{"id":5168,"href":"https:\/\/mesabuitrera.org\/index.php\/wp-json\/wp\/v2\/posts\/5160\/revisions\/5168"}],"wp:attachment":[{"href":"https:\/\/mesabuitrera.org\/index.php\/wp-json\/wp\/v2\/media?parent=5160"}],"wp:term":[{"taxonomy":"category","embeddable":true,"href":"https:\/\/mesabuitrera.org\/index.php\/wp-json\/wp\/v2\/categories?post=5160"},{"taxonomy":"post_tag","embeddable":true,"href":"https:\/\/mesabuitrera.org\/index.php\/wp-json\/wp\/v2\/tags?post=5160"}],"curies":[{"name":"wp","href":"https:\/\/api.w.org\/{rel}","templated":true}]}}