{"id":950,"date":"2023-06-09T12:47:08","date_gmt":"2023-06-09T12:47:08","guid":{"rendered":"https:\/\/mesabuitrera.org\/?p=950"},"modified":"2023-10-21T12:51:29","modified_gmt":"2023-10-21T12:51:29","slug":"las-2-orillas-la-buitrera-en-la-incertidumbre-por-cali-distrito","status":"publish","type":"post","link":"https:\/\/mesabuitrera.org\/index.php\/2023\/06\/09\/las-2-orillas-la-buitrera-en-la-incertidumbre-por-cali-distrito\/","title":{"rendered":"Las 2 Orillas: &#8220;La Buitrera: en la incertidumbre por Cali-Distrito&#8221;"},"content":{"rendered":"\n<p>Aunque la idea es que la poblaci\u00f3n de los distritos se acerque a los centros administrativos de decisi\u00f3n, La Buitrera est\u00e1 lejos de ese objetivo.<\/p>\n\n\n\n<p>En 2018 el Congreso de la Republica promulg\u00f3 la Ley 1933 con la cual decretaba la conformaci\u00f3n de Cali como Distrito Especial, Deportivo, Cultural, Tur\u00edstico, Empresarial y de Servicios. Bajo este panorama, la alcald\u00eda de Santiago de Cali plantea realizar una divisi\u00f3n de la ciudad por medio de 6 localidades. Sin embargo, la manera en c\u00f3mo se piensa particionar la ciudad no es bien vista por buena parte de sus habitantes.<\/p>\n\n\n\n<p>En un primer momento, en el 2019, la comunidad rural dej\u00f3 en claro su rechazo a la idea de localidades urbano-rurales y present\u00f3 al menos 4 propuestas alternativas de localidades rurales. No obstante, ni las ideas ni el rechazo de la comunidad fueron tenidos en cuenta en el an\u00e1lisis del proyecto, que dej\u00f3 entrever el desconocimiento y la invisibilizaci\u00f3n de lo rural por parte de los entes gubernamentales.<\/p>\n\n\n\n<p>Teniendo en cuenta lo anterior, en enero de 2022, por Iniciativa del peri\u00f3dico local \u201cLa Casa del Guat\u00edn\u201d, voceros de Acuabuitrera E.S.P y miembros del corregimiento de La Buitrera pertenecientes a las veredas de El Plan, Pueblo Nuevo, El Rosario y El Oto\u00f1o, decidieron iniciar una labor de investigaci\u00f3n y veedur\u00eda de las propuestas planteadas por la alcald\u00eda municipal. Adem\u00e1s, tambi\u00e9n entablaron comunicaci\u00f3n directa con Planeaci\u00f3n Municipal y con la Gerencia de Cali Distrito-Especial, en cabeza del Sr Carlos Rojas, para expresar sus preocupaciones y discordancias.<\/p>\n\n\n\n<p>Durante 3 meses de trabajo intensivo un equipo de 15 personas se reuni\u00f3 los fines de semana tanto de forma privada como p\u00fablicamente con miembros de la alcald\u00eda para capacitarse, investigar y exhibir todos los por menores, ventajas y desventajas del proyecto Cali-Distrito desde diferentes enfoques, tanto socioculturales, ecosist\u00e9micos como econ\u00f3micos. En este proceso el grupo encontr\u00f3 diferentes problem\u00e1ticas que ante sus ojos no han sido manejadas por el Gobierno local y que deben ser resueltas antes de la implementaci\u00f3n del proyecto.<\/p>\n\n\n\n<p>Entre las conclusiones que obtuvieron est\u00e1n que, si bien la Ley de Distritos especiales 1617 de 2013 es aproximar a la poblaci\u00f3n a los centros administrativos de decisi\u00f3n y fortalecer la participaci\u00f3n popular, La Buitrera, al ampliar el territorio de las localidades, no lograr\u00e1 mejorar las tareas administrativas puesto que pasar\u00edan de tener una JAL de representaci\u00f3n de solo 7.000 habitantes a una para m\u00e1s de 100.000.<\/p>\n\n\n\n<p>As\u00ed mismo, recalcaron la situaci\u00f3n de abandono de la zona rural por parte de la Administraci\u00f3n Municipal de Cali desde hace 50 y por lo cual la propia poblaci\u00f3n ha tenido que hacer frente y apersonarse de numerosas tareas pol\u00edtico administrativas que NO deber\u00edan recaer en ellos directamente, como por ejemplo la pavimentaci\u00f3n de v\u00edas, la construcci\u00f3n de muros de contenci\u00f3n, la creaci\u00f3n y manejo de su propio acueducto, adem\u00e1s de la mitigaci\u00f3n de desastres naturales.<\/p>\n\n\n\n<p>En consecuencia, para dar legitimidad al proceso el grupo de trabajo decidi\u00f3 socializar la investigaci\u00f3n y sus posibles consecuencias sobre la gobernanza en las veredas de La Buitrera convocando a una asamblea el 21 de mayo en la Parroquia San Andr\u00e9s Ap\u00f3stol, all\u00ed se expusieron cuatro propuestas con el prop\u00f3sito de concretar la m\u00e1s viable para ser presentada ante la alcald\u00eda. El evento cont\u00f3 con la participaci\u00f3n de funcionarios de Planeaci\u00f3n Municipal y del propio gerente de Cali- Distrito, Carlos Rojas, que en reuniones anteriores se\u00f1al\u00f3 y felicit\u00f3 el buen liderazgo y trabajo realizado por la comunidad.<\/p>\n\n\n\n<p>De esta asamblea la opci\u00f3n escogida, con un 34,5%, fue la creaci\u00f3n de su propia localidad rural conformada por las veredas de Pueblo Nuevo, El Plan, El Rosario y El Oto\u00f1o; que, aunque peque\u00f1a, puede llegar a ser ejemplo de opci\u00f3n administrativa para otros corregimientos como modelo de descentralizaci\u00f3n. La segunda opci\u00f3n m\u00e1s seleccionada es volverse municipio independiente.<\/p>\n\n\n\n<p>Sin embargo, a pesar del trabajo realizado por meses, el s\u00e1bado 4 de junio, Planeaci\u00f3n Municipal convoc\u00f3 de forma sorpresiva a la comunidad de las veredas denominadas como parte del \u201cborde urbano\u201d y \u201czona rural inmediata\u201d para un taller en el Centro Cultural de Cali, donde introdujeron por primera vez la opci\u00f3n de desmembrar los corregimientos actuales, separando los \u201cbordes\u201d y sus zonas rurales aleda\u00f1as del resto del corregimiento, ya que para ellos estas \u00e1reas cuentan con necesidades diferentes de las dem\u00e1s zonas rurales.<\/p>\n\n\n\n<p>Antes estos hechos, la comunidad expresa su cansancio por lo que denominan falta de organizaci\u00f3n por parte de la alcald\u00eda de Cali; que, si bien ha invertido recursos de tiempo y dinero en talleres de socializaci\u00f3n y participaci\u00f3n, quiere tomar ahora decisiones apresuradas desoyendo las quejas y propuestas planteadas por la comunidad de La Buitrera. Dej\u00e1ndoles el amargo sentimiento de que todo el proceso de \u201cparticipaci\u00f3n\u201d ha sido solo una fachada.<\/p>\n","protected":false},"excerpt":{"rendered":"<p>Aunque la idea es que la poblaci\u00f3n de los distritos se acerque a los centros administrativos de decisi\u00f3n, La Buitrera est\u00e1 lejos de ese objetivo. En 2018 el Congreso de la Republica promulg\u00f3 la Ley 1933 con la cual decretaba la conformaci\u00f3n de Cali como Distrito Especial, Deportivo, Cultural, Tur\u00edstico, Empresarial y de Servicios. Bajo [&hellip;]<\/p>\n","protected":false},"author":1,"featured_media":951,"comment_status":"open","ping_status":"open","sticky":false,"template":"","format":"standard","meta":{"_acf_changed":false,"om_disable_all_campaigns":false,"_monsterinsights_skip_tracking":false,"_monsterinsights_sitenote_active":false,"_monsterinsights_sitenote_note":"","_monsterinsights_sitenote_category":0,"footnotes":""},"categories":[14],"tags":[],"class_list":["post-950","post","type-post","status-publish","format-standard","has-post-thumbnail","hentry","category-prensa-las-2-orillas"],"acf":[],"aioseo_notices":[],"_links":{"self":[{"href":"https:\/\/mesabuitrera.org\/index.php\/wp-json\/wp\/v2\/posts\/950","targetHints":{"allow":["GET"]}}],"collection":[{"href":"https:\/\/mesabuitrera.org\/index.php\/wp-json\/wp\/v2\/posts"}],"about":[{"href":"https:\/\/mesabuitrera.org\/index.php\/wp-json\/wp\/v2\/types\/post"}],"author":[{"embeddable":true,"href":"https:\/\/mesabuitrera.org\/index.php\/wp-json\/wp\/v2\/users\/1"}],"replies":[{"embeddable":true,"href":"https:\/\/mesabuitrera.org\/index.php\/wp-json\/wp\/v2\/comments?post=950"}],"version-history":[{"count":1,"href":"https:\/\/mesabuitrera.org\/index.php\/wp-json\/wp\/v2\/posts\/950\/revisions"}],"predecessor-version":[{"id":952,"href":"https:\/\/mesabuitrera.org\/index.php\/wp-json\/wp\/v2\/posts\/950\/revisions\/952"}],"wp:featuredmedia":[{"embeddable":true,"href":"https:\/\/mesabuitrera.org\/index.php\/wp-json\/wp\/v2\/media\/951"}],"wp:attachment":[{"href":"https:\/\/mesabuitrera.org\/index.php\/wp-json\/wp\/v2\/media?parent=950"}],"wp:term":[{"taxonomy":"category","embeddable":true,"href":"https:\/\/mesabuitrera.org\/index.php\/wp-json\/wp\/v2\/categories?post=950"},{"taxonomy":"post_tag","embeddable":true,"href":"https:\/\/mesabuitrera.org\/index.php\/wp-json\/wp\/v2\/tags?post=950"}],"curies":[{"name":"wp","href":"https:\/\/api.w.org\/{rel}","templated":true}]}}